{"id":16291,"date":"2025-08-26T13:53:53","date_gmt":"2025-08-26T12:53:53","guid":{"rendered":"https:\/\/edale.com\/?p=16291"},"modified":"2025-09-09T11:40:24","modified_gmt":"2025-09-09T10:40:24","slug":"edale-oglasza-nowe-konwencje-nazewnictwa","status":"publish","type":"post","link":"https:\/\/edale.com\/pl\/press-release\/edale-announces-new-naming-conventions\/","title":{"rendered":"Edale og\u0142asza nowe konwencje nazewnictwa dla swojego portfolio produkt\u00f3w"},"content":{"rendered":"<div class=\"wpb-content-wrapper\"><div data-parent=\"true\" class=\"vc_row row-container\" id=\"row-unique-0\"><div class=\"row double-top-padding double-bottom-padding single-h-padding limit-width row-parent\"><div class=\"wpb_row row-inner\"><div class=\"wpb_column pos-top pos-center align_left column_parent col-lg-8 single-internal-gutter\"><div class=\"uncol style-light\"  ><div class=\"uncoltable\"><div class=\"uncell no-block-padding\" ><div class=\"uncont\" ><div class=\"vc_row row-internal row-container\"><div class=\"row row-child\"><div class=\"wpb_row row-inner\"><div class=\"wpb_column pos-top pos-center align_left column_child col-lg-12 half-internal-gutter\"><div class=\"uncol style-light\" ><div class=\"uncoltable\"><div class=\"uncell no-block-padding\" ><div class=\"uncont\" ><div class=\"uncode_text_column text-small text-color-210407-color\" ><p>INFORMACJA PRASOWA | SIERPIE\u0143 2025<\/p>\n<\/div><div class=\"vc_custom_heading_wrap\"><div class=\"heading-text el-text\" ><h1 class=\"h2\" ><span>Edale przedstawia now\u0105 strategi\u0119 nazewnictwa produkt\u00f3w z dostosowaniem do Canon<\/span><\/h1><\/div><div class=\"clear\"><\/div><\/div><\/div><\/div><\/div><\/div><\/div><\/div><\/div><\/div><div class=\"uncode_text_column text-lead\" ><p>Edale, firma Canon i lider w dziedzinie druku fleksograficznego i rozwi\u0105za\u0144 konwertuj\u0105cych, og\u0142osi\u0142a, \u017ce zmieni nazwy produkt\u00f3w w swoim portfolio etykiet i karton\u00f3w, dostosowuj\u0105c swoj\u0105 ofert\u0119 do asortymentu produkt\u00f3w Canon.<\/p>\n<\/div><div class=\"uncode_text_column\" ><p>Posuni\u0119cie to, b\u0119d\u0105ce pierwszym krokiem w szerszym od\u015bwie\u017ceniu portfolio produkt\u00f3w, obejmie nowe konwencje nazewnictwa w obu platformach etykietowych i kartonowych Edale, kt\u00f3re b\u0119d\u0105 teraz znane jako Edale LabelLine i Edale CartonLine. Ka\u017cda maszyna w ramach tych platform b\u0119dzie r\u00f3wnie\u017c dalej kategoryzowana, aby u\u0142atwi\u0107 klientom identyfikacj\u0119 odpowiedniego poziomu mo\u017cliwo\u015bci dla ich aplikacji.<\/p>\n<p>Ten ruch upraszcza portfolio, pomagaj\u0105c klientom jasno okre\u015bli\u0107 mo\u017cliwo\u015bci prasy najlepiej dostosowane do ich potrzeb produkcyjnych. Odzwierciedla r\u00f3wnie\u017c ewolucj\u0119 Edale we wsp\u00f3\u0142pracy z Canon i wspiera bardziej ujednolicone, skoncentrowane na kliencie podej\u015bcie do rynku w regionach mi\u0119dzynarodowych.<\/p>\n<p>Lachlan Buirds, dyrektor zarz\u0105dzaj\u0105cy Edale, skomentowa\u0142: \"To wa\u017cny kamie\u0144 milowy dla Edale, poniewa\u017c budujemy na sile i skali naszych relacji z Canon. To co\u015b wi\u0119cej ni\u017c zmiana nazwy, chodzi o zapewnienie wi\u0119kszej przejrzysto\u015bci, pewno\u015bci i sp\u00f3jno\u015bci w sposobie, w jaki prezentujemy nasz\u0105 technologi\u0119 na ca\u0142ym \u015bwiecie\".<\/p>\n<blockquote>\n<p>\"Ale to, co pozostaje niezmienne, to nasz rodow\u00f3d in\u017cynieryjny, nasze do\u015bwiadczenie w automatyzacji i nasze zaanga\u017cowanie w pomaganie klientom w rozwoju. Niezale\u017cnie od tego, czy potrzebujesz solidnej maszyny do codziennego u\u017cytku, czy te\u017c wysokowydajnej prasy do szybkiego dostarczania opakowa\u0144 premium, nowa gama produkt\u00f3w zapewnia jasn\u0105 \u015bcie\u017ck\u0119 rozwoju\".<\/p>\n<\/blockquote>\n<p>Wszystkie maszyny nadal mog\u0105 pochwali\u0107 si\u0119 charakterystyczn\u0105 dla Edale jako\u015bci\u0105 in\u017cynieryjn\u0105 i inteligentnymi funkcjami automatyzacji, w tym technologi\u0105 rejestracji AiiR i modu\u0142ami druku o wysokiej rozdzielczo\u015bci.<\/p>\n<p>Poza now\u0105 struktur\u0105 nazewnictwa, Edale ujawni wi\u0119cej szczeg\u00f3\u0142\u00f3w na temat tego, jak od\u015bwie\u017cy swoje portfolio produkt\u00f3w w nadchodz\u0105cych tygodniach i miesi\u0105cach, w tym na Labelexpo Europe 2025, gdzie firma b\u0119dzie wystawia\u0107 si\u0119 obok Canon Europe z maszyn\u0105 Edale CartonLine dzia\u0142aj\u0105c\u0105 na stoisku.<\/p>\n<\/div><\/div><\/div><\/div><\/div><\/div><div class=\"wpb_column pos-top pos-center align_left column_parent col-lg-4 half-internal-gutter\"><div class=\"uncol style-light\"  ><div class=\"uncoltable\"><div class=\"uncell no-block-padding\" ><div class=\"uncont\" ><div class=\"uncode-single-media  text-left\"><div class=\"single-wrapper\" style=\"max-width: 100%;\"><div class=\"tmb tmb-light  tmb-media-first tmb-media-last tmb-content-overlay tmb-no-bg\"><div class=\"t-inside\"><div class=\"t-entry-visual\"><div class=\"t-entry-visual-tc\"><div class=\"uncode-single-media-wrapper\"><img decoding=\"async\" class=\"wp-image-16292\" src=\"https:\/\/edale.com\/wp-content\/uploads\/2025\/08\/Major-milestone-scaled.png\" width=\"2560\" height=\"2560\" alt=\"\" srcset=\"https:\/\/edale.com\/wp-content\/uploads\/2025\/08\/Major-milestone-scaled.png 2560w, https:\/\/edale.com\/wp-content\/uploads\/2025\/08\/Major-milestone-300x300.png 300w, https:\/\/edale.com\/wp-content\/uploads\/2025\/08\/Major-milestone-1024x1024.png 1024w, https:\/\/edale.com\/wp-content\/uploads\/2025\/08\/Major-milestone-150x150.png 150w, https:\/\/edale.com\/wp-content\/uploads\/2025\/08\/Major-milestone-768x768.png 768w, https:\/\/edale.com\/wp-content\/uploads\/2025\/08\/Major-milestone-250x250.png 250w, https:\/\/edale.com\/wp-content\/uploads\/2025\/08\/Major-milestone-1536x1536.png 1536w, https:\/\/edale.com\/wp-content\/uploads\/2025\/08\/Major-milestone-2048x2048.png 2048w, https:\/\/edale.com\/wp-content\/uploads\/2025\/08\/Major-milestone-12x12.png 12w, https:\/\/edale.com\/wp-content\/uploads\/2025\/08\/Major-milestone-350x350.png 350w, https:\/\/edale.com\/wp-content\/uploads\/2025\/08\/Major-milestone-348x348.png 348w\" sizes=\"(max-width: 2560px) 100vw, 2560px\"><\/div>\n\t\t\t\t\t<\/div>\n\t\t\t\t<\/div><\/div><\/div><\/div><\/div><\/div><\/div><\/div><\/div><\/div><script id=\"script-row-unique-0\" data-row=\"script-row-unique-0\" type=\"text\/javascript\" class=\"vc_controls\">UNCODE.initRow(document.getElementById(\"row-unique-0\"));<\/script><\/div><\/div><\/div>\n<\/div>","protected":false},"excerpt":{"rendered":"<p>Edale has unveiled new naming conventions across its label and carton press portfolio. The refreshed structure introduces Edale LabelLine and Edale CartonLine, making it easier for customers to identify the right level of capability for their packaging needs. This marks the first step in a broader product portfolio refresh, reflecting Edale\u2019s alignment with Canon and commitment to a clear, customer-focused approach.<\/p>","protected":false},"author":32,"featured_media":16320,"comment_status":"closed","ping_status":"closed","sticky":false,"template":"","format":"standard","meta":{"footnotes":""},"categories":[30,5],"tags":[],"class_list":["post-16291","post","type-post","status-publish","format-standard","has-post-thumbnail","hentry","category-press-release","category-general-news"],"_links":{"self":[{"href":"https:\/\/edale.com\/pl\/wp-json\/wp\/v2\/posts\/16291","targetHints":{"allow":["GET"]}}],"collection":[{"href":"https:\/\/edale.com\/pl\/wp-json\/wp\/v2\/posts"}],"about":[{"href":"https:\/\/edale.com\/pl\/wp-json\/wp\/v2\/types\/post"}],"author":[{"embeddable":true,"href":"https:\/\/edale.com\/pl\/wp-json\/wp\/v2\/users\/32"}],"replies":[{"embeddable":true,"href":"https:\/\/edale.com\/pl\/wp-json\/wp\/v2\/comments?post=16291"}],"version-history":[{"count":0,"href":"https:\/\/edale.com\/pl\/wp-json\/wp\/v2\/posts\/16291\/revisions"}],"wp:featuredmedia":[{"embeddable":true,"href":"https:\/\/edale.com\/pl\/wp-json\/wp\/v2\/media\/16320"}],"wp:attachment":[{"href":"https:\/\/edale.com\/pl\/wp-json\/wp\/v2\/media?parent=16291"}],"wp:term":[{"taxonomy":"category","embeddable":true,"href":"https:\/\/edale.com\/pl\/wp-json\/wp\/v2\/categories?post=16291"},{"taxonomy":"post_tag","embeddable":true,"href":"https:\/\/edale.com\/pl\/wp-json\/wp\/v2\/tags?post=16291"}],"curies":[{"name":"wp","href":"https:\/\/api.w.org\/{rel}","templated":true}]}}