{"id":6961,"date":"2021-05-18T16:16:17","date_gmt":"2021-05-18T16:16:17","guid":{"rendered":"https:\/\/edale.com\/?p=6961"},"modified":"2022-01-31T14:47:58","modified_gmt":"2022-01-31T14:47:58","slug":"itek-packz-recoit-le-fta-europe-diamond-award","status":"publish","type":"post","link":"https:\/\/edale.com\/fr\/press-release\/itek-packz-receives-fta-europe-diamond-award\/","title":{"rendered":"ITEK PACKZ RE\u00c7OIT LE PRIX DU DIAMANT DE FTA EUROPE"},"content":{"rendered":"<div class=\"wpb-content-wrapper\"><div data-parent=\"true\" class=\"vc_row row-container\" id=\"row-unique-0\"><div class=\"row double-top-padding double-bottom-padding single-h-padding limit-width row-parent\"><div class=\"wpb_row row-inner\"><div class=\"wpb_column pos-top pos-center align_left column_parent col-lg-12 half-internal-gutter\"><div class=\"uncol style-light\"  ><div class=\"uncoltable\"><div class=\"uncell no-block-padding\" ><div class=\"uncont\" ><div class=\"uncode-single-media  text-left\"><div class=\"single-wrapper\" style=\"max-width: 100%;\"><h2 class=\"wpb_heading wpb_singleimage_heading\">L'\u00e9quipe iTek Packz<\/h2><div class=\"tmb tmb-light  tmb-media-first tmb-media-last tmb-content-overlay tmb-no-bg\"><div class=\"t-inside\"><div class=\"t-entry-visual\"><div class=\"t-entry-visual-tc\"><div class=\"uncode-single-media-wrapper\"><img decoding=\"async\" class=\"wp-image-8016\" src=\"https:\/\/edale.com\/wp-content\/uploads\/2021\/05\/Pic1Gopiapproved-opt.jpg\" width=\"1200\" height=\"765\" alt=\"\" srcset=\"https:\/\/edale.com\/wp-content\/uploads\/2021\/05\/Pic1Gopiapproved-opt.jpg 1200w, https:\/\/edale.com\/wp-content\/uploads\/2021\/05\/Pic1Gopiapproved-opt-300x191.jpg 300w, https:\/\/edale.com\/wp-content\/uploads\/2021\/05\/Pic1Gopiapproved-opt-1024x653.jpg 1024w, https:\/\/edale.com\/wp-content\/uploads\/2021\/05\/Pic1Gopiapproved-opt-768x490.jpg 768w\" sizes=\"(max-width: 1200px) 100vw, 1200px\"><\/div>\n\t\t\t\t\t<\/div>\n\t\t\t\t<\/div><\/div><\/div><\/div><\/div><div class=\"uncode_text_column text-small\" ><\/div><div class=\"empty-space empty-single\" ><span class=\"empty-space-inner\"><\/span><\/div>\n<div class=\"vc_custom_heading_wrap\"><div class=\"heading-text el-text\" ><h1 class=\"h2\" ><span>ITEK PACKZ RE\u00c7OIT LE PRIX DU DIAMANT DE FTA EUROPE<\/span><\/h1><\/div><div class=\"clear\"><\/div><\/div><div class=\"uncode_text_column\" ><p>Bas\u00e9e \u00e0 Bangalore, iTek Packz est r\u00e9put\u00e9e pour ses produits d'\u00e9tiquetage et de mono-carton et connue pour ses prix d'excellence en flexographie et en innovation.<\/p>\n<p>En 2021, pour la troisi\u00e8me ann\u00e9e cons\u00e9cutive, la FTA a d\u00e9cern\u00e9 \u00e0 iTek Packz un nouveau Gold Award pour la flexographie, Narrow Web, ainsi que le tr\u00e8s applaudi Best in Show Award.<\/p>\n<p>En raison du succ\u00e8s et de la qualit\u00e9 de leur participation \u00e0 la FTA, la FTA Europe a invit\u00e9 iTek Packz \u00e0 soumettre sa participation gagnante \u00e0 ses prestigieux Diamond Awards. iTek Packz a rejoint d'autres laur\u00e9ats des prix nationaux de l'impression flexographique \u00e0 travers le continent pour pr\u00e9senter son projet prim\u00e9 \"Himalaya Ayurveda Clear Skin Soap Carton\" dans le cadre de la comp\u00e9tition.<\/p>\n<p>Nous sommes ravis d'annoncer qu'iTek Packz a obtenu la deuxi\u00e8me place dans la cat\u00e9gorie internationale. Leur projet prim\u00e9 concernait leur carton de savon vibrant, qui avait d\u00e9j\u00e0 remport\u00e9 l'or aux FTA Awards.  Il a \u00e9t\u00e9 salu\u00e9 pour \"son excellent travail de s\u00e9rigraphie, son excellent pi\u00e8ge et son excellent registre, ainsi que pour son utilisation de feuilles d'or \u00e0 froid et ses textures de vernis de surimpression qui ont ajout\u00e9 une diversit\u00e9 et une profondeur mesurables\".<\/p>\n<p><strong>iTek Packz a comment\u00e9 :<\/strong>\u00a0\"Nous avons \u00e9t\u00e9 ravis d'\u00eatre invit\u00e9s \u00e0 participer aux Diamond Awards de la FTA Europe et de concourir dans la cat\u00e9gorie internationale. La concurrence est tr\u00e8s forte et nous sommes tr\u00e8s fiers de notre r\u00e9ussite. C'est un grand honneur pour notre entreprise de recevoir cette reconnaissance\".<\/p>\n<p><strong>Darren Pickford, Directeur des ventes, Edale, a comment\u00e9 :<\/strong>\u00a0\"Nous sommes ravis que notre client ait remport\u00e9 un Diamond Award, car c'est un v\u00e9ritable t\u00e9moignage de la qualit\u00e9 de son impression et de son d\u00e9sir d'innover continuellement en mati\u00e8re de techniques d'impression.<\/p>\n<p>Nous sommes fiers que leur FL5 ait \u00e9t\u00e9 la presse utilis\u00e9e pour produire l'\u0153uvre gagnante pr\u00e9sent\u00e9e pour le prix. Ils \u00e9taient en comp\u00e9tition avec les \"meilleurs des meilleurs\".<\/p>\n<p>Ces r\u00e9compenses sont la reconnaissance par l'industrie du fait que l'impression flexographique concurrence directement le style d'impression offset traditionnellement utilis\u00e9 dans la production de bo\u00eetes en carton. La FL5 est excellente pour la production de bo\u00eetes pliantes \u00e0 court et moyen tirages, y compris la possibilit\u00e9 d'embellir de mani\u00e8re durable en un seul passage.   Bravo \u00e0 l'\u00e9quipe d'iTek Packz pour cette nouvelle r\u00e9compense bien m\u00e9rit\u00e9e\".<\/p>\n<p>iTek Packz a choisi Edale comme partenaire privil\u00e9gi\u00e9 pour ses machines.<\/p>\n<p><b>\u00c0 propos de iTek Packz<\/b><\/p>\n<p>Bas\u00e9e \u00e0 Bengaluru, ITek Packz a \u00e9t\u00e9 fond\u00e9e par la deuxi\u00e8me g\u00e9n\u00e9ration de propri\u00e9taires de Wintek Flexo Prints, Shahul Hameed, Gururaj Ballarwad et feu PC Anand. Gassali Shahul Hameed et Tippu Hameed, Girish et Gopi Ballarwad, et Vinay Anand Pavuluri ont cr\u00e9\u00e9 Itek Packz pour accueillir l'activit\u00e9 de bo\u00eetes pliantes de Wintek Flexo Prints apr\u00e8s le rachat de la division flexo par ITW Signode.<\/p>\n<\/div><\/div><\/div><\/div><\/div><\/div><script id=\"script-row-unique-0\" data-row=\"script-row-unique-0\" type=\"text\/javascript\" class=\"vc_controls\">UNCODE.initRow(document.getElementById(\"row-unique-0\"));<\/script><\/div><\/div><\/div>\n<\/div>","protected":false},"excerpt":{"rendered":"<p>Nous sommes ravis d'annoncer qu'iTek Packz a obtenu la deuxi\u00e8me place dans la cat\u00e9gorie FTA Europe International. Leur projet prim\u00e9 concernait leur carton de savon vibrant, qui avait d\u00e9j\u00e0 remport\u00e9 l'or aux FTA Awards.  Il a \u00e9t\u00e9 salu\u00e9 pour \"son excellent travail de s\u00e9rigraphie, son excellent pi\u00e8ge et son excellent registre, ainsi que pour son utilisation de feuilles d'or \u00e0 froid et ses textures de vernis de surimpression qui ont ajout\u00e9 une diversit\u00e9 et une profondeur mesurables\".<\/p>","protected":false},"author":4,"featured_media":8015,"comment_status":"closed","ping_status":"closed","sticky":false,"template":"","format":"standard","meta":{"footnotes":""},"categories":[30],"tags":[],"class_list":["post-6961","post","type-post","status-publish","format-standard","has-post-thumbnail","hentry","category-press-release"],"_links":{"self":[{"href":"https:\/\/edale.com\/fr\/wp-json\/wp\/v2\/posts\/6961","targetHints":{"allow":["GET"]}}],"collection":[{"href":"https:\/\/edale.com\/fr\/wp-json\/wp\/v2\/posts"}],"about":[{"href":"https:\/\/edale.com\/fr\/wp-json\/wp\/v2\/types\/post"}],"author":[{"embeddable":true,"href":"https:\/\/edale.com\/fr\/wp-json\/wp\/v2\/users\/4"}],"replies":[{"embeddable":true,"href":"https:\/\/edale.com\/fr\/wp-json\/wp\/v2\/comments?post=6961"}],"version-history":[{"count":0,"href":"https:\/\/edale.com\/fr\/wp-json\/wp\/v2\/posts\/6961\/revisions"}],"wp:featuredmedia":[{"embeddable":true,"href":"https:\/\/edale.com\/fr\/wp-json\/wp\/v2\/media\/8015"}],"wp:attachment":[{"href":"https:\/\/edale.com\/fr\/wp-json\/wp\/v2\/media?parent=6961"}],"wp:term":[{"taxonomy":"category","embeddable":true,"href":"https:\/\/edale.com\/fr\/wp-json\/wp\/v2\/categories?post=6961"},{"taxonomy":"post_tag","embeddable":true,"href":"https:\/\/edale.com\/fr\/wp-json\/wp\/v2\/tags?post=6961"}],"curies":[{"name":"wp","href":"https:\/\/api.w.org\/{rel}","templated":true}]}}