{"id":16291,"date":"2025-08-26T13:53:53","date_gmt":"2025-08-26T12:53:53","guid":{"rendered":"https:\/\/edale.com\/?p=16291"},"modified":"2025-09-09T11:40:24","modified_gmt":"2025-09-09T10:40:24","slug":"edale-anuncia-nuevas-convenciones-sobre-nombres","status":"publish","type":"post","link":"https:\/\/edale.com\/es\/press-release\/edale-announces-new-naming-conventions\/","title":{"rendered":"Edale anuncia una nueva nomenclatura para su cartera de productos"},"content":{"rendered":"<div class=\"wpb-content-wrapper\"><div data-parent=\"true\" class=\"vc_row row-container\" id=\"row-unique-0\"><div class=\"row double-top-padding double-bottom-padding single-h-padding limit-width row-parent\"><div class=\"wpb_row row-inner\"><div class=\"wpb_column pos-top pos-center align_left column_parent col-lg-8 single-internal-gutter\"><div class=\"uncol style-light\"  ><div class=\"uncoltable\"><div class=\"uncell no-block-padding\" ><div class=\"uncont\" ><div class=\"vc_row row-internal row-container\"><div class=\"row row-child\"><div class=\"wpb_row row-inner\"><div class=\"wpb_column pos-top pos-center align_left column_child col-lg-12 half-internal-gutter\"><div class=\"uncol style-light\" ><div class=\"uncoltable\"><div class=\"uncell no-block-padding\" ><div class=\"uncont\" ><div class=\"uncode_text_column text-small text-color-210407-color\" ><p>COMUNICADO DE PRENSA | AGOSTO 2025<\/p>\n<\/div><div class=\"vc_custom_heading_wrap\"><div class=\"heading-text el-text\" ><h1 class=\"h2\" ><span>Edale presenta una nueva estrategia de nombres de productos con la alineaci\u00f3n de Canon<\/span><\/h1><\/div><div class=\"clear\"><\/div><\/div><\/div><\/div><\/div><\/div><\/div><\/div><\/div><\/div><div class=\"uncode_text_column text-lead\" ><p>Edale, una empresa de Canon y l\u00edder en soluciones de impresi\u00f3n flexogr\u00e1fica y conversi\u00f3n, ha anunciado que cambiar\u00e1 el nombre de los productos de su cartera de productos de etiquetas y cart\u00f3n, alineando su oferta m\u00e1s estrechamente con la gama de productos de Canon.<\/p>\n<\/div><div class=\"uncode_text_column\" ><p>El cambio, que es el primer paso de una renovaci\u00f3n m\u00e1s amplia de su cartera de productos, incluir\u00e1 nuevas convenciones de nomenclatura en las plataformas de etiquetas y cart\u00f3n de Edale, que ahora se conocer\u00e1n como Edale LabelLine y Edale CartonLine. Cada m\u00e1quina de estas plataformas tambi\u00e9n se clasificar\u00e1 por categor\u00edas para facilitar a los clientes la identificaci\u00f3n del nivel adecuado de capacidad para su aplicaci\u00f3n.<\/p>\n<p>Este cambio simplifica la cartera de productos y ayuda a los clientes a identificar claramente las capacidades de impresi\u00f3n que mejor se adaptan a sus necesidades de producci\u00f3n. Tambi\u00e9n refleja la evoluci\u00f3n de Edale con Canon y respalda un enfoque de salida al mercado m\u00e1s unificado y centrado en el cliente en todas las regiones internacionales.<\/p>\n<p>Lachlan Buirds, Director General de Edale, coment\u00f3: \"Se trata de un hito importante para Edale, ya que nos basamos en la solidez y la escala de nuestra relaci\u00f3n con Canon. Es m\u00e1s que un cambio de nombre, se trata de aportar mayor claridad, confianza y cohesi\u00f3n a la forma en que presentamos nuestra tecnolog\u00eda a nivel mundial.<\/p>\n<blockquote>\n<p>\"Pero por debajo, lo que permanece constante es nuestro pedigr\u00ed de ingenier\u00eda, nuestra experiencia en automatizaci\u00f3n y nuestro compromiso de ayudar a los clientes a crecer. Tanto si necesita una m\u00e1quina robusta para el d\u00eda a d\u00eda como una prensa de altas prestaciones para producir envases de alta calidad a gran velocidad, la nueva gama le ofrece un claro camino a seguir\".<\/p>\n<\/blockquote>\n<p>Todas las m\u00e1quinas siguen contando con la calidad de ingenier\u00eda y las funciones de automatizaci\u00f3n inteligente caracter\u00edsticas de Edale, incluida la tecnolog\u00eda de registro AiiR y los m\u00f3dulos de impresi\u00f3n de alta definici\u00f3n.<\/p>\n<p>Aparte de la nueva estructura de nombres, Edale revelar\u00e1 m\u00e1s detalles sobre c\u00f3mo renovar\u00e1 su cartera de productos en las pr\u00f3ximas semanas y meses, incluso en Labelexpo Europe 2025, donde la empresa expondr\u00e1 junto a Canon Europe con una m\u00e1quina Edale CartonLine funcionando en el stand.<\/p>\n<\/div><\/div><\/div><\/div><\/div><\/div><div class=\"wpb_column pos-top pos-center align_left column_parent col-lg-4 half-internal-gutter\"><div class=\"uncol style-light\"  ><div class=\"uncoltable\"><div class=\"uncell no-block-padding\" ><div class=\"uncont\" ><div class=\"uncode-single-media  text-left\"><div class=\"single-wrapper\" style=\"max-width: 100%;\"><div class=\"tmb tmb-light  tmb-media-first tmb-media-last tmb-content-overlay tmb-no-bg\"><div class=\"t-inside\"><div class=\"t-entry-visual\"><div class=\"t-entry-visual-tc\"><div class=\"uncode-single-media-wrapper\"><img decoding=\"async\" class=\"wp-image-16292\" src=\"https:\/\/edale.com\/wp-content\/uploads\/2025\/08\/Major-milestone-scaled.png\" width=\"2560\" height=\"2560\" alt=\"\" srcset=\"https:\/\/edale.com\/wp-content\/uploads\/2025\/08\/Major-milestone-scaled.png 2560w, https:\/\/edale.com\/wp-content\/uploads\/2025\/08\/Major-milestone-300x300.png 300w, https:\/\/edale.com\/wp-content\/uploads\/2025\/08\/Major-milestone-1024x1024.png 1024w, https:\/\/edale.com\/wp-content\/uploads\/2025\/08\/Major-milestone-150x150.png 150w, https:\/\/edale.com\/wp-content\/uploads\/2025\/08\/Major-milestone-768x768.png 768w, https:\/\/edale.com\/wp-content\/uploads\/2025\/08\/Major-milestone-250x250.png 250w, https:\/\/edale.com\/wp-content\/uploads\/2025\/08\/Major-milestone-1536x1536.png 1536w, https:\/\/edale.com\/wp-content\/uploads\/2025\/08\/Major-milestone-2048x2048.png 2048w, https:\/\/edale.com\/wp-content\/uploads\/2025\/08\/Major-milestone-12x12.png 12w, https:\/\/edale.com\/wp-content\/uploads\/2025\/08\/Major-milestone-350x350.png 350w, https:\/\/edale.com\/wp-content\/uploads\/2025\/08\/Major-milestone-348x348.png 348w\" sizes=\"(max-width: 2560px) 100vw, 2560px\"><\/div>\n\t\t\t\t\t<\/div>\n\t\t\t\t<\/div><\/div><\/div><\/div><\/div><\/div><\/div><\/div><\/div><\/div><script id=\"script-row-unique-0\" data-row=\"script-row-unique-0\" type=\"text\/javascript\" class=\"vc_controls\">UNCODE.initRow(document.getElementById(\"row-unique-0\"));<\/script><\/div><\/div><\/div>\n<\/div>","protected":false},"excerpt":{"rendered":"<p>Edale has unveiled new naming conventions across its label and carton press portfolio. The refreshed structure introduces Edale LabelLine and Edale CartonLine, making it easier for customers to identify the right level of capability for their packaging needs. This marks the first step in a broader product portfolio refresh, reflecting Edale\u2019s alignment with Canon and commitment to a clear, customer-focused approach.<\/p>","protected":false},"author":32,"featured_media":16320,"comment_status":"closed","ping_status":"closed","sticky":false,"template":"","format":"standard","meta":{"footnotes":""},"categories":[30,5],"tags":[],"class_list":["post-16291","post","type-post","status-publish","format-standard","has-post-thumbnail","hentry","category-press-release","category-general-news"],"_links":{"self":[{"href":"https:\/\/edale.com\/es\/wp-json\/wp\/v2\/posts\/16291","targetHints":{"allow":["GET"]}}],"collection":[{"href":"https:\/\/edale.com\/es\/wp-json\/wp\/v2\/posts"}],"about":[{"href":"https:\/\/edale.com\/es\/wp-json\/wp\/v2\/types\/post"}],"author":[{"embeddable":true,"href":"https:\/\/edale.com\/es\/wp-json\/wp\/v2\/users\/32"}],"replies":[{"embeddable":true,"href":"https:\/\/edale.com\/es\/wp-json\/wp\/v2\/comments?post=16291"}],"version-history":[{"count":0,"href":"https:\/\/edale.com\/es\/wp-json\/wp\/v2\/posts\/16291\/revisions"}],"wp:featuredmedia":[{"embeddable":true,"href":"https:\/\/edale.com\/es\/wp-json\/wp\/v2\/media\/16320"}],"wp:attachment":[{"href":"https:\/\/edale.com\/es\/wp-json\/wp\/v2\/media?parent=16291"}],"wp:term":[{"taxonomy":"category","embeddable":true,"href":"https:\/\/edale.com\/es\/wp-json\/wp\/v2\/categories?post=16291"},{"taxonomy":"post_tag","embeddable":true,"href":"https:\/\/edale.com\/es\/wp-json\/wp\/v2\/tags?post=16291"}],"curies":[{"name":"wp","href":"https:\/\/api.w.org\/{rel}","templated":true}]}}