{"id":5068,"date":"2021-03-10T11:46:35","date_gmt":"2021-03-10T11:46:35","guid":{"rendered":"https:\/\/edale.com\/?p=5068"},"modified":"2021-04-19T10:19:09","modified_gmt":"2021-04-19T10:19:09","slug":"edale-starkt-sein-verkaufsteam","status":"publish","type":"post","link":"https:\/\/edale.com\/de\/press-release\/edale-boosts-their-sales-team\/","title":{"rendered":"Edale verst\u00e4rkt sein Verkaufsteam"},"content":{"rendered":"<div class=\"wpb-content-wrapper\"><div data-parent=\"true\" class=\"vc_row row-container\" id=\"row-unique-0\"><div class=\"row double-top-padding double-bottom-padding single-h-padding limit-width row-parent\"><div class=\"wpb_row row-inner\"><div class=\"wpb_column pos-top pos-center align_left column_parent col-lg-4 half-internal-gutter\"><div class=\"uncol style-light\"  ><div class=\"uncoltable\"><div class=\"uncell no-block-padding\" ><div class=\"uncont\" ><div class=\"uncode-single-media  text-left\"><div class=\"single-wrapper\" style=\"max-width: 100%;\"><div class=\"tmb tmb-light  tmb-media-first tmb-media-last tmb-content-overlay tmb-no-bg\"><div class=\"t-inside\"><div class=\"t-entry-visual\"><div class=\"t-entry-visual-tc\"><div class=\"uncode-single-media-wrapper\"><img decoding=\"async\" class=\"wp-image-5070\" src=\"https:\/\/edale.com\/wp-content\/uploads\/2021\/03\/Darren-Pickford.jpg\" width=\"1200\" height=\"960\" alt=\"Edale verst\u00e4rkt sein Verkaufsteam\" srcset=\"https:\/\/edale.com\/wp-content\/uploads\/2021\/03\/Darren-Pickford.jpg 1200w, https:\/\/edale.com\/wp-content\/uploads\/2021\/03\/Darren-Pickford-300x240.jpg 300w, https:\/\/edale.com\/wp-content\/uploads\/2021\/03\/Darren-Pickford-1024x819.jpg 1024w, https:\/\/edale.com\/wp-content\/uploads\/2021\/03\/Darren-Pickford-768x614.jpg 768w\" sizes=\"(max-width: 1200px) 100vw, 1200px\" \/><\/div>\n\t\t\t\t\t<\/div>\n\t\t\t\t<\/div><\/div><\/div><\/div><\/div><div class=\"uncode_text_column text-small\" ><p>Darren Pickford<\/p>\n<\/div><\/div><\/div><\/div><\/div><\/div><div class=\"wpb_column pos-top pos-center align_left column_parent col-lg-8 single-internal-gutter\"><div class=\"uncol style-light\"  ><div class=\"uncoltable\"><div class=\"uncell no-block-padding\" ><div class=\"uncont\" ><div class=\"vc_custom_heading_wrap\"><div class=\"heading-text el-text\" ><h1 class=\"h2\" ><span>Edale verst\u00e4rkt sein Verkaufsteam<\/span><\/h1><\/div><div class=\"clear\"><\/div><\/div><div class=\"uncode_text_column\" ><p>Edale ist ein britischer Hersteller und Entwickler von erstklassigen, ma\u00dfgeschneiderten Flexodruck- und Verarbeitungsl\u00f6sungen f\u00fcr die Verpackungsindustrie.<\/p>\n<p>Edale freut sich, mit Darren Pickford ein bekanntes Gesicht wieder begr\u00fc\u00dfen zu d\u00fcrfen.<\/p>\n<p>Darren kehrt zu Edale zur\u00fcck und nimmt seine Rolle als Vertriebsleiter nach einer kurzen Pause im letzten Jahr wieder auf. Zuvor war er seit 2016 bei Edale t\u00e4tig.<\/p>\n<p>Diese Ernennung erfolgt zu einem entscheidenden Zeitpunkt f\u00fcr Edale, da das Unternehmen weltweit weiter w\u00e4chst und derzeit eine Reihe von freien Stellen in Gro\u00dfbritannien besetzt.<\/p>\n<p>Darren ist in der Branche gut angesehen und kommt als gelernter Ingenieur, der Elektrotechnik und Elektronik studiert hat. Er ist seit \u00fcber 30 Jahren im Bereich Verpackungsmaschinen t\u00e4tig und verf\u00fcgt \u00fcber ein breites Wissen \u00fcber verschiedene Anwendungen, sowohl f\u00fcr den Endverbraucher als auch f\u00fcr die Materialherstellung.<\/p>\n<blockquote>\n<p><em>Darren Pickford, der Vertriebsleiter von Edale, kommentiert: \"Als ich Edale verlie\u00df, um eine Aufgabe au\u00dferhalb des Vertriebs zu \u00fcbernehmen, war mir nicht klar, dass ich den t\u00e4glichen Umgang mit den Kunden so sehr vermissen w\u00fcrde. Der Aufbau langfristiger Beziehungen war f\u00fcr mich w\u00e4hrend meiner beruflichen Laufbahn von grundlegender Bedeutung, und dies ist ein Ethos, das im gesamten Edale-Team geteilt wird. Als sich die M\u00f6glichkeit ergab, zur\u00fcckzukehren, war es eine leichte Entscheidung, die ich traf. Ich freue mich darauf, wieder mit dem Kundenstamm von Edale in Kontakt zu treten und das Agentennetzwerk weiterhin dabei zu unterst\u00fctzen, langfristigen Erfolg auf dem Verpackungsmarkt zu erzielen.\"<\/em><\/p>\n<\/blockquote>\n<p>James Boughton, Gesch\u00e4ftsf\u00fchrer von Edale, kommentiert: \"Das Team und ich freuen uns \u00fcber die R\u00fcckkehr von Darren zu Edale. Sein Wissen \u00fcber die Branche und sein Verst\u00e4ndnis f\u00fcr die Bed\u00fcrfnisse unserer Kunden werden unseren Verkaufsbem\u00fchungen in diesem Jahr einen echten Schub verleihen, und wir freuen uns darauf, dass Darren die gute Arbeit, die er bereits begonnen hat, fortsetzen wird. Darren verf\u00fcgt \u00fcber eine enge Beziehung zu unseren weltweiten Vertretern und H\u00e4ndlern und wird unsere globalen Pl\u00e4ne unterst\u00fctzen. Wir haben ehrgeizige Pl\u00e4ne und aufregende Zeiten vor uns, und einen vertrauensw\u00fcrdigen Experten zur\u00fcck in den Reihen von Edale zu haben, wird uns helfen, weiter voranzukommen.\"<\/p>\n<\/div><\/div><\/div><\/div><\/div><\/div><script id=\"script-row-unique-0\" data-row=\"script-row-unique-0\" type=\"text\/javascript\" class=\"vc_controls\">UNCODE.initRow(document.getElementById(\"row-unique-0\"));<\/script><\/div><\/div><\/div>\n<\/div>","protected":false},"excerpt":{"rendered":"<p>Edale freut sich, mit Darren Pickford ein bekanntes Gesicht wieder begr\u00fc\u00dfen zu d\u00fcrfen. Darren kehrt zu Edale zur\u00fcck und nimmt seine Rolle als Vertriebsleiter nach einer kurzen Pause vom Unternehmen im letzten Jahr wieder auf. Zuvor war er seit 2016 bei Edale t\u00e4tig.<\/p>","protected":false},"author":4,"featured_media":5071,"comment_status":"closed","ping_status":"closed","sticky":false,"template":"","format":"standard","meta":{"footnotes":""},"categories":[30],"tags":[],"class_list":["post-5068","post","type-post","status-publish","format-standard","has-post-thumbnail","hentry","category-press-release"],"_links":{"self":[{"href":"https:\/\/edale.com\/de\/wp-json\/wp\/v2\/posts\/5068","targetHints":{"allow":["GET"]}}],"collection":[{"href":"https:\/\/edale.com\/de\/wp-json\/wp\/v2\/posts"}],"about":[{"href":"https:\/\/edale.com\/de\/wp-json\/wp\/v2\/types\/post"}],"author":[{"embeddable":true,"href":"https:\/\/edale.com\/de\/wp-json\/wp\/v2\/users\/4"}],"replies":[{"embeddable":true,"href":"https:\/\/edale.com\/de\/wp-json\/wp\/v2\/comments?post=5068"}],"version-history":[{"count":0,"href":"https:\/\/edale.com\/de\/wp-json\/wp\/v2\/posts\/5068\/revisions"}],"wp:featuredmedia":[{"embeddable":true,"href":"https:\/\/edale.com\/de\/wp-json\/wp\/v2\/media\/5071"}],"wp:attachment":[{"href":"https:\/\/edale.com\/de\/wp-json\/wp\/v2\/media?parent=5068"}],"wp:term":[{"taxonomy":"category","embeddable":true,"href":"https:\/\/edale.com\/de\/wp-json\/wp\/v2\/categories?post=5068"},{"taxonomy":"post_tag","embeddable":true,"href":"https:\/\/edale.com\/de\/wp-json\/wp\/v2\/tags?post=5068"}],"curies":[{"name":"wp","href":"https:\/\/api.w.org\/{rel}","templated":true}]}}