{"id":16100,"date":"2025-07-23T14:29:43","date_gmt":"2025-07-23T13:29:43","guid":{"rendered":"https:\/\/edale.com\/?p=16100"},"modified":"2025-07-23T14:29:43","modified_gmt":"2025-07-23T13:29:43","slug":"kartonproduktion-neu-denken-event-future-packaging","status":"publish","type":"post","link":"https:\/\/edale.com\/de\/press-release\/rethinking-carton-production-event-future-packaging\/","title":{"rendered":"Edale's Rethinking Carton Production Event sagt der Industrie eine gl\u00e4nzende Zukunft voraus"},"content":{"rendered":"<div class=\"wpb-content-wrapper\"><div data-parent=\"true\" class=\"vc_row row-container\" id=\"row-unique-0\"><div class=\"row double-top-padding single-bottom-padding single-h-padding limit-width row-parent\"><div class=\"wpb_row row-inner\"><div class=\"wpb_column pos-top pos-center align_left column_parent col-lg-12 half-internal-gutter\"><div class=\"uncol style-light\"  ><div class=\"uncoltable\"><div class=\"uncell no-block-padding\" ><div class=\"uncont\" ><div class=\"uncode-single-media  text-left\"><div class=\"single-wrapper\" style=\"max-width: 100%;\"><div class=\"tmb tmb-light  tmb-media-first tmb-media-last tmb-content-overlay tmb-no-bg\"><div class=\"t-inside\"><div class=\"t-entry-visual\"><div class=\"t-entry-visual-tc\"><div class=\"uncode-single-media-wrapper\"><img decoding=\"async\" class=\"wp-image-16106\" src=\"https:\/\/edale.com\/wp-content\/uploads\/2025\/07\/Key-Speaker-Jo-Stephenson.webp\" width=\"2520\" height=\"1080\" alt=\"Hauptredner Jo Stephenson\" srcset=\"https:\/\/edale.com\/wp-content\/uploads\/2025\/07\/Key-Speaker-Jo-Stephenson.webp 2520w, https:\/\/edale.com\/wp-content\/uploads\/2025\/07\/Key-Speaker-Jo-Stephenson-300x129.webp 300w, https:\/\/edale.com\/wp-content\/uploads\/2025\/07\/Key-Speaker-Jo-Stephenson-1024x439.webp 1024w, https:\/\/edale.com\/wp-content\/uploads\/2025\/07\/Key-Speaker-Jo-Stephenson-768x329.webp 768w, https:\/\/edale.com\/wp-content\/uploads\/2025\/07\/Key-Speaker-Jo-Stephenson-1536x658.webp 1536w, https:\/\/edale.com\/wp-content\/uploads\/2025\/07\/Key-Speaker-Jo-Stephenson-2048x878.webp 2048w, https:\/\/edale.com\/wp-content\/uploads\/2025\/07\/Key-Speaker-Jo-Stephenson-18x8.webp 18w, https:\/\/edale.com\/wp-content\/uploads\/2025\/07\/Key-Speaker-Jo-Stephenson-350x150.webp 350w\" sizes=\"(max-width: 2520px) 100vw, 2520px\" \/><\/div>\n\t\t\t\t\t<\/div>\n\t\t\t\t<\/div><\/div><\/div><\/div><\/div><div class=\"uncode_text_column text-small\" ><p>Hauptredner Jo Stephenson<\/p>\n<\/div><\/div><\/div><\/div><\/div><\/div><script id=\"script-row-unique-0\" data-row=\"script-row-unique-0\" type=\"text\/javascript\" class=\"vc_controls\">UNCODE.initRow(document.getElementById(\"row-unique-0\"));<\/script><\/div><\/div><\/div><div data-parent=\"true\" class=\"vc_row row-container\" id=\"row-unique-1\"><div class=\"row single-top-padding no-bottom-padding single-h-padding limit-width row-parent\"><div class=\"wpb_row row-inner\"><div class=\"wpb_column pos-top pos-center align_left column_parent col-lg-8 single-internal-gutter\"><div class=\"uncol style-light\"  ><div class=\"uncoltable\"><div class=\"uncell no-block-padding\" ><div class=\"uncont\" ><div class=\"vc_row row-internal row-container\"><div class=\"row row-child\"><div class=\"wpb_row row-inner\"><div class=\"wpb_column pos-top pos-center align_left column_child col-lg-12 half-internal-gutter\"><div class=\"uncol style-light\" ><div class=\"uncoltable\"><div class=\"uncell no-block-padding\" ><div class=\"uncont\" ><div class=\"uncode_text_column text-small text-color-210407-color\" ><p>PRESSEMITTEILUNG | JULI 2025<\/p>\n<\/div><div class=\"vc_custom_heading_wrap\"><div class=\"heading-text el-text\" ><h1 class=\"h2\" ><span>Branchenf\u00fchrer diskutieren \u00fcber Innovation, Nachhaltigkeit und die sich entwickelnde Rolle des Flexodrucks in der Kartonherstellung<\/span><\/h1><\/div><div class=\"clear\"><\/div><\/div><\/div><\/div><\/div><\/div><\/div><\/div><\/div><\/div><div class=\"uncode_text_column text-lead\" ><p>Edale, ein Canon Unternehmen und f\u00fchrender Hersteller von Flexodruck- und Verarbeitungsanlagen, begr\u00fc\u00dfte Verpackungsfachleute aus ganz Gro\u00dfbritannien zu seiner <strong>Tag der offenen T\u00fcr: Die Kartonproduktion neu denken<\/strong> letzte Woche, eine eint\u00e4gige Veranstaltung, die eine sinnvolle Diskussion \u00fcber die Zukunft der Kartonherstellung anregen sollte.<\/p>\n<\/div><div class=\"uncode_text_column\" ><p>Der Tag beinhaltete fachkundige Einblicke von Gastrednern wie Steve Lister, globaler Nachhaltigkeitsstratege, und Jo Stephenson, Gesch\u00e4ftsf\u00fchrer von Think B2B Marketing, die ihre Sichtweisen zu Branchenver\u00e4nderungen, Innovationen und der sich entwickelnden Rolle der Verpackung darlegten. Jo Stephenson moderierte auch ein offenes Forum, das faszinierende Einblicke in die Zukunft der Kartonproduktion und die damit verbundenen Probleme bot.<\/p>\n<blockquote>\n<p>Louise Bailey, Leiterin der Abteilung New Business bei Edale, sagte: \"Das Ziel dieser Veranstaltung war nie, nur Technologie zu pr\u00e4sentieren, sondern ein Gespr\u00e4ch zu beginnen. Wir wissen, dass sich der Kartonmarkt schnell weiterentwickelt, und dies war eine Chance, Menschen zusammenzubringen, ehrliche Erkenntnisse auszutauschen und die Realit\u00e4ten zu erkunden, wie die n\u00e4chste Phase der Produktion aussehen k\u00f6nnte. Der Grad des Engagements und der Offenheit im Raum war fantastisch.\"<\/p>\n<\/blockquote>\n<p>\n<\/div><\/div><\/div><\/div><\/div><\/div><div class=\"wpb_column pos-middle pos-center align_left column_parent col-lg-4 half-internal-gutter\"><div class=\"uncol style-light\"  ><div class=\"uncoltable\"><div class=\"uncell no-block-padding\" ><div class=\"uncont\" ><div class=\"uncode-single-media  text-left\"><div class=\"single-wrapper\" style=\"max-width: 100%;\"><div class=\"tmb tmb-light  tmb-media-first tmb-media-last tmb-content-overlay tmb-no-bg\"><div class=\"t-inside\"><div class=\"t-entry-visual\"><div class=\"t-entry-visual-tc\"><div class=\"uncode-single-media-wrapper\"><img decoding=\"async\" class=\"wp-image-16107\" src=\"https:\/\/edale.com\/wp-content\/uploads\/2025\/07\/Factory-demo-with-delegates.webp\" width=\"1200\" height=\"1600\" alt=\"Fabrikdemo mit Delegierten\" srcset=\"https:\/\/edale.com\/wp-content\/uploads\/2025\/07\/Factory-demo-with-delegates.webp 1200w, https:\/\/edale.com\/wp-content\/uploads\/2025\/07\/Factory-demo-with-delegates-225x300.webp 225w, https:\/\/edale.com\/wp-content\/uploads\/2025\/07\/Factory-demo-with-delegates-768x1024.webp 768w, https:\/\/edale.com\/wp-content\/uploads\/2025\/07\/Factory-demo-with-delegates-1152x1536.webp 1152w, https:\/\/edale.com\/wp-content\/uploads\/2025\/07\/Factory-demo-with-delegates-9x12.webp 9w, https:\/\/edale.com\/wp-content\/uploads\/2025\/07\/Factory-demo-with-delegates-350x467.webp 350w\" sizes=\"(max-width: 1200px) 100vw, 1200px\" \/><\/div>\n\t\t\t\t\t<\/div>\n\t\t\t\t<\/div><\/div><\/div><\/div><\/div><div class=\"uncode_text_column text-small\" ><p>Fabrikdemo mit Delegierten<\/p>\n<\/div><\/div><\/div><\/div><\/div><\/div><script id=\"script-row-unique-1\" data-row=\"script-row-unique-1\" type=\"text\/javascript\" class=\"vc_controls\">UNCODE.initRow(document.getElementById(\"row-unique-1\"));<\/script><\/div><\/div><\/div><div data-parent=\"true\" class=\"vc_row row-container\" id=\"row-unique-2\"><div class=\"row single-top-padding no-bottom-padding single-h-padding limit-width row-parent\"><div class=\"wpb_row row-inner\"><div class=\"wpb_column pos-top pos-center align_left column_parent col-lg-12 half-internal-gutter\"><div class=\"uncol style-light\"  ><div class=\"uncoltable\"><div class=\"uncell no-block-padding\" ><div class=\"uncont\" ><div class=\"uncode-single-media  text-left\"><div class=\"single-wrapper\" style=\"max-width: 100%;\"><div class=\"tmb tmb-light  tmb-media-first tmb-media-last tmb-content-overlay tmb-no-bg\"><div class=\"t-inside\"><div class=\"t-entry-visual\"><div class=\"t-entry-visual-tc\"><div class=\"uncode-single-media-wrapper\"><img decoding=\"async\" class=\"wp-image-16108\" src=\"https:\/\/edale.com\/wp-content\/uploads\/2025\/07\/Key-Speaker-Steve-Lister.webp\" width=\"2520\" height=\"1080\" alt=\"Hauptredner Steve Lister\" srcset=\"https:\/\/edale.com\/wp-content\/uploads\/2025\/07\/Key-Speaker-Steve-Lister.webp 2520w, https:\/\/edale.com\/wp-content\/uploads\/2025\/07\/Key-Speaker-Steve-Lister-300x129.webp 300w, https:\/\/edale.com\/wp-content\/uploads\/2025\/07\/Key-Speaker-Steve-Lister-1024x439.webp 1024w, https:\/\/edale.com\/wp-content\/uploads\/2025\/07\/Key-Speaker-Steve-Lister-768x329.webp 768w, https:\/\/edale.com\/wp-content\/uploads\/2025\/07\/Key-Speaker-Steve-Lister-1536x658.webp 1536w, https:\/\/edale.com\/wp-content\/uploads\/2025\/07\/Key-Speaker-Steve-Lister-2048x878.webp 2048w, https:\/\/edale.com\/wp-content\/uploads\/2025\/07\/Key-Speaker-Steve-Lister-18x8.webp 18w, https:\/\/edale.com\/wp-content\/uploads\/2025\/07\/Key-Speaker-Steve-Lister-350x150.webp 350w\" sizes=\"(max-width: 2520px) 100vw, 2520px\" \/><\/div>\n\t\t\t\t\t<\/div>\n\t\t\t\t<\/div><\/div><\/div><\/div><\/div><div class=\"uncode_text_column text-small\" ><p>Hauptredner Steve Lister<\/p>\n<\/div><\/div><\/div><\/div><\/div><\/div><script id=\"script-row-unique-2\" data-row=\"script-row-unique-2\" type=\"text\/javascript\" class=\"vc_controls\">UNCODE.initRow(document.getElementById(\"row-unique-2\"));<\/script><\/div><\/div><\/div><div data-parent=\"true\" class=\"vc_row row-container\" id=\"row-unique-3\"><div class=\"row single-top-padding double-bottom-padding single-h-padding limit-width row-parent\"><div class=\"wpb_row row-inner\"><div class=\"wpb_column pos-top pos-center align_left column_parent col-lg-12 single-internal-gutter\"><div class=\"uncol style-light\"  ><div class=\"uncoltable\"><div class=\"uncell no-block-padding\" ><div class=\"uncont\" ><div class=\"uncode_text_column\" ><p>Auf dem Offenen Forum wurden die falschen Vorstellungen von der Herstellung von Flexokarton in einem Durchgang und die damit verbundenen M\u00f6glichkeiten eingehend diskutiert. Ein prominenter Teilnehmer, der in der Branche weithin respektiert wird, erkl\u00e4rte, dass \"dies der Eckpfeiler f\u00fcr die Umw\u00e4lzung des Kartonmarktes sein wird\", obwohl die Traditionalisten in der Branche relativ z\u00f6gerlich sind.<\/p>\n<p>Dieses Z\u00f6gern wurde weiter untersucht, da mehrere Teilnehmer einr\u00e4umten, dass der Flexodruck in manchen Kreisen immer noch als qualitativ minderwertig gegen\u00fcber dem traditionellen Offset- oder Lithodruck angesehen wird, obwohl in den letzten Jahren erhebliche technologische Fortschritte erzielt wurden. Einige berichteten sogar, dass sie wissen, dass manche den Begriff \"Flexodruck\" in ihren Marketingmaterialien vermeiden, weil sie bef\u00fcrchten, Markeninhaber abzuschrecken.<\/p>\n<p>Die Diskussion machte deutlich, dass die Branche besser \u00fcber die heutigen M\u00f6glichkeiten des Flexodrucks aufgekl\u00e4rt werden muss, vor allem, weil Single-Pass-Systeme heute hochwertige, veredelte Kartons mit einer Druckqualit\u00e4t liefern k\u00f6nnen, die derjenigen konventioneller Verfahren entspricht oder sie sogar \u00fcbertrifft.<\/p>\n<p>Die Diskussion ber\u00fchrte auch die Auswirkungen der kommenden Nachhaltigkeitsgesetzgebung, einschlie\u00dflich des britischen Systems der erweiterten Herstellerverantwortung (EPR) und der EU-Verordnung \u00fcber Verpackungen und Verpackungsabf\u00e4lle (PPWR). Die Teilnehmer er\u00f6rterten, wie diese Ma\u00dfnahmen das Interesse an faserbasierten Verpackungen wieder ankurbeln, wobei sich Karton aufgrund seiner umfassenden Recyclingf\u00e4higkeit, seiner Monomaterialkonstruktion und seiner Kompatibilit\u00e4t mit der bestehenden Recycling-Infrastruktur als starker Konkurrent erweist.<\/p>\n<p>Man war sich einig, dass Marken, die die Umweltbelastung reduzieren und k\u00fcnftige Strafen vermeiden wollen, Karton zunehmend als praktische, hochwertige und vorschriftsm\u00e4\u00dfige L\u00f6sung betrachten.<\/p>\n<blockquote>\n<p>Louise f\u00fcgte hinzu: \"Wir haben uns sehr gefreut, eine so sachkundige und engagierte Gruppe bei der Veranstaltung begr\u00fc\u00dfen zu k\u00f6nnen. Die Gespr\u00e4che waren offen und aufschlussreich und best\u00e4tigten, dass viele in der Branche aktiv nach intelligenteren, effizienteren Produktionsmodellen suchen. Wir sind stolz darauf, dass wir diesen Wandel mitgestalten k\u00f6nnen.<\/p>\n<\/blockquote>\n<p>Die Teilnehmer hatten auch die M\u00f6glichkeit, den kompletten Single-Pass-Kartonproduktionsprozess durch eine Live-Demonstration von Edale's FL5 zu erkunden und einen Einblick in Edale's Kartonkostenrechner zu bekommen, der eine unvoreingenommene Sicht auf die Daten bot und die Inline- mit der traditionellen Kartonproduktion verglich.<\/p>\n<\/div><div class=\"divider-wrapper\"  >\n    <hr class=\"unseparator separator-no-padding\"  \/>\n<\/div>\n<div class=\"uncode_text_column\" ><p>Um mehr zu erfahren \u00fcber <a href=\"https:\/\/edale.com\/de\/fl5-karton-produktionslinie\/\" target=\"_blank\" rel=\"noopener\">Edale's FL5 Ein-Pass<\/a> oder ein pers\u00f6nliches Gespr\u00e4ch mit dem Edale-Team buchen m\u00f6chten, nehmen Sie bitte Kontakt auf.<\/p>\n<\/div><span class=\"btn-container\" ><a role=\"button\"  href=\"mailto:marketing@edale.com\" class=\"custom-link btn-underline-in border-width-0 text-color-210407-color btn-icon-right\" target=\"_blank\"><span>E-Mail marketing@edale.com<i class=\"fa fa-arrow-right2\"><\/i><\/span><\/a><\/span><\/div><\/div><\/div><\/div><\/div><script id=\"script-row-unique-3\" data-row=\"script-row-unique-3\" type=\"text\/javascript\" class=\"vc_controls\">UNCODE.initRow(document.getElementById(\"row-unique-3\"));<\/script><\/div><\/div><\/div>\n<\/div>","protected":false},"excerpt":{"rendered":"<p>Die Edale-Veranstaltung \"Rethink Carton Production\" regt Diskussionen \u00fcber die Zukunft der Kartonproduktion an und beleuchtet die Fortschritte im Flexodruck sowie die Auswirkungen der Nachhaltigkeit auf faserbasierte Verpackungen.<\/p>","protected":false},"author":32,"featured_media":16103,"comment_status":"closed","ping_status":"closed","sticky":false,"template":"","format":"standard","meta":{"footnotes":""},"categories":[30],"tags":[],"class_list":["post-16100","post","type-post","status-publish","format-standard","has-post-thumbnail","hentry","category-press-release"],"_links":{"self":[{"href":"https:\/\/edale.com\/de\/wp-json\/wp\/v2\/posts\/16100","targetHints":{"allow":["GET"]}}],"collection":[{"href":"https:\/\/edale.com\/de\/wp-json\/wp\/v2\/posts"}],"about":[{"href":"https:\/\/edale.com\/de\/wp-json\/wp\/v2\/types\/post"}],"author":[{"embeddable":true,"href":"https:\/\/edale.com\/de\/wp-json\/wp\/v2\/users\/32"}],"replies":[{"embeddable":true,"href":"https:\/\/edale.com\/de\/wp-json\/wp\/v2\/comments?post=16100"}],"version-history":[{"count":0,"href":"https:\/\/edale.com\/de\/wp-json\/wp\/v2\/posts\/16100\/revisions"}],"wp:featuredmedia":[{"embeddable":true,"href":"https:\/\/edale.com\/de\/wp-json\/wp\/v2\/media\/16103"}],"wp:attachment":[{"href":"https:\/\/edale.com\/de\/wp-json\/wp\/v2\/media?parent=16100"}],"wp:term":[{"taxonomy":"category","embeddable":true,"href":"https:\/\/edale.com\/de\/wp-json\/wp\/v2\/categories?post=16100"},{"taxonomy":"post_tag","embeddable":true,"href":"https:\/\/edale.com\/de\/wp-json\/wp\/v2\/tags?post=16100"}],"curies":[{"name":"wp","href":"https:\/\/api.w.org\/{rel}","templated":true}]}}